{"id":1242,"date":"2020-02-02T12:43:34","date_gmt":"2020-02-02T12:43:34","guid":{"rendered":"http:\/\/teknolojia-news.com\/?p=1242"},"modified":"2020-02-02T12:43:34","modified_gmt":"2020-02-02T12:43:34","slug":"eric-adja-il-faut-enseigner-lintelligence-artificielle-pour-eviter-la-cyber-colonisation-de-lafrique","status":"publish","type":"post","link":"https:\/\/test.teknolojia-news.com\/index.php\/2020\/02\/02\/eric-adja-il-faut-enseigner-lintelligence-artificielle-pour-eviter-la-cyber-colonisation-de-lafrique\/","title":{"rendered":"Eric Adja : \u00ab Il faut enseigner l\u2019intelligence artificielle pour \u00e9viter la cyber-colonisation de l\u2019Afrique \u00bb"},"content":{"rendered":"\n<p><strong>[Exclusif] Son inauguration, initialement pr\u00e9vue pour la mi-d\u00e9cembre 2019, a d\u00e9j\u00e0 pris du retard. Mais la future Agence francophone pour l\u2019intelligence artificielle (Afria) devrait bel et bien voir le jour en 2020, \u00e0 An\u00e9ho, au Togo. C\u2019est en tout cas ce qu\u2019affirme son pr\u00e9sident, le B\u00e9ninois Eric Adja, qui milite pour une IA aux couleurs de l\u2019Afrique.<\/strong><\/p>\n\n\n\n<p><strong>Teknolojia : Annonc\u00e9e en grandes pompes en 2019, la premi\u00e8re pierre de l\u2019Afria n\u2019a toujours pas \u00e9t\u00e9 pos\u00e9e \u00e0 An\u00e9ho puisque le Symposium sur l\u2019IA, pr\u00e9vu le 16 et 17 d\u00e9cembre 2019, a \u00e9t\u00e9 report\u00e9. Quelle en est la raison&nbsp;?<\/strong><\/p>\n\n\n\n<p><strong>Eric Adja&nbsp;:<\/strong> Le comit\u00e9 d\u2019organisation du Symposium s\u2019est simplement rendu compte qu\u2019il n\u2019avait pas pr\u00e9vu suffisamment de logistique pour accueillir d\u00e9cemment les 200 personnes attendues. D\u00e8s que nous serons entr\u00e9s en contact avec la mairie d\u2019An\u00e9ho, nous d\u00e9ciderons d\u2019une nouvelle date pour organiser l\u2019\u00e9v\u00e9nement.&nbsp;<\/p>\n\n\n\n<p>Mais pas d\u2019inqui\u00e9tude, le Symposium aura bien lieu cette ann\u00e9e&nbsp;! C\u2019est le moment ou jamais de nous lancer dans l\u2019intelligence artificielle car il y a un risque de cyber-colonisation de l\u2019Afrique par les grandes plateformes num\u00e9riques, comme l\u2019a dit le d\u00e9put\u00e9 fran\u00e7ais C\u00e9dric Villani dans son rapport rendu public en 2018. Notre continent doit aujourd\u2019hui dompter le Python, le langage de l\u2019intelligence artificielle, s\u2019il ne veut pas avaler des couleuvres \u00e0 l\u2019avenir.<\/p>\n\n\n\n<div style=\"height:28px\" aria-hidden=\"true\" class=\"wp-block-spacer\"><\/div>\n\n\n\n<p class=\"has-text-align-center\">&#x1f4ec;&nbsp;<strong>L\u2019essentiel de la Tech africaine est dans notre newsletter<\/strong><\/p>\n\n\n\n\n\n<div style=\"height:26px\" aria-hidden=\"true\" class=\"wp-block-spacer\"><\/div>\n\n\n\n<p><strong>Qu\u2019est-ce que l\u2019Afria et qu\u2019y trouvera-t-on&nbsp;?<\/strong><\/p>\n\n\n\n<p>Officiellement lanc\u00e9e depuis le 14 novembre 2019, l\u2019Afria est une association fran\u00e7aise de loi 1901 regroupant une multitude d\u2019acteurs&nbsp;: de grands acteurs priv\u00e9s, des ONG (Unesco, R\u00e9seau des structures et institutions nationales en charge de la francophonie\u2026), des \u00e9tablissements acad\u00e9miques (Universit\u00e9 de Lom\u00e9, Institut Cerco\u2026) et des administrations (minist\u00e8res fran\u00e7ais et ivoirien de l&#8217;Int\u00e9rieur\u2026). Elle est compl\u00e8tement ind\u00e9pendante de l\u2019Organisation internationale de la francophonie (OIF) et pourra donc b\u00e9n\u00e9ficier de financements d\u2019autres structures, comme des partenaires priv\u00e9s ou l\u2019Agence fran\u00e7aise de d\u00e9veloppement, par exemple.&nbsp;<\/p>\n\n\n\n<blockquote class=\"wp-block-quote\"><p><em>&#8220;L\u2019Afrique doit dompter le Python, le langage de l\u2019IA, si elle ne veut pas avaler des couleuvres \u00e0 l\u2019avenir<\/em>&#8220;<\/p><\/blockquote>\n\n\n\n<p>Cet \u00e9tablissement sera tout d\u2019abord un centre de formation en intelligence artificielle, avec des cours r\u00e9guliers ouverts \u00e0 toutes et \u00e0 tous sur les enjeux techniques, \u00e9thiques et politiques de l\u2019apprentissage automatique (machine learning) et de l\u2019apprentissage profond (deep learning). L\u2019agence sera aussi un cabinet de conseil en IA et organisera des conf\u00e9rences sur les aspects r\u00e9glementaires et l\u00e9gislatifs, dans le but de sensibiliser les d\u00e9cideurs publics. Enfin, elle sera un incubateur de start-ups qui utilisent l\u2019IA dans l\u2019agriculture, la sant\u00e9, l\u2019environnement ou encore l\u2019\u00e9ducation.<\/p>\n\n\n\n<p><strong>D\u2019o\u00f9 vient l\u2019id\u00e9e&nbsp;de cr\u00e9er une agence d\u00e9di\u00e9e \u00e0 l\u2019IA \u00e0 An\u00e9ho, au Togo&nbsp;?<\/strong><\/p>\n\n\n\n<p>Apr\u00e8s avoir organis\u00e9 un atelier de sensibilisation sur les donn\u00e9es num\u00e9riques, du 20 au 23 mai 2019 dans les locaux de l\u2019incubateur togolais WoeLab Prime, \u00e0 Lom\u00e9, l\u2019OIF et d\u2019autres partenaires ont fait le constat que les jeunes Africains n\u2019\u00e9taient pas form\u00e9s \u00e0 l\u2019intelligence artificielle. On leur pr\u00e9sente la discipline comme un mythe alors qu\u2019un pays comme la Finlande, par exemple, a d\u00e9cid\u00e9 il y a quelques mois de cr\u00e9er des cours gratuits consacr\u00e9s \u00e0 l\u2019intelligence artificielle d\u00e8s l\u2019\u00e9cole primaire. Je veux initier une d\u00e9marche similaire en Afrique de l\u2019Ouest pour que l\u2019IA soit un langage accessible \u00e0 tous. Notre avenir en d\u00e9pend. Des repr\u00e9sentants de l\u2019Unesco, pr\u00e9sents lors du s\u00e9minaire \u00e0 Lom\u00e9, se sont rapproch\u00e9s de moi et m\u2019ont confi\u00e9 qu\u2019ils travaillaient aussi sur un projet de formation des jeunes \u00e0 l\u2019IA. Je leur ai propos\u00e9 de cr\u00e9er ensemble une agence.<br \/><br \/>Comme l\u2019id\u00e9e venait du Togo, nous avons d\u00e9cid\u00e9 de l\u2019installer dans le pays, o\u00f9 l\u2019\u00e9cosyst\u00e8me num\u00e9rique est dynamique, avec un lieu comme le WoeLab et une volont\u00e9 politique pouss\u00e9e par la ministre de l\u2019Economie num\u00e9rique, Cina Lawson. Quant au choix d\u2019An\u00e9ho, il s\u2019agit d\u2019accompagner le gouvernement togolais dans ses efforts de d\u00e9centralisation. Et Ayayi Ayivi, le maire de la ville, concern\u00e9 par les enjeux \u00e9thiques de l\u2019IA, souhaitait accueillir l\u2019agence.<\/p>\n\n\n\n<p><strong>L\u2019Afria aura-t-elle l\u2019objectif de cr\u00e9er une v\u00e9ritable fili\u00e8re \u00e9conomique de l\u2019IA en Afrique&nbsp;?<\/strong><\/p>\n\n\n\n<p>Tout \u00e0 fait&nbsp;! Avant de lancer cette initiative, nous ne nous rendions pas encore bien compte de l\u2019\u00e9cosyst\u00e8me qui existe d\u00e9j\u00e0 dans la sous-r\u00e9gion. Prenez data354, une start-up situ\u00e9e \u00e0 Abidjan et \u00e0 Paris qui propose des solutions d\u2019analyse de donn\u00e9es gr\u00e2ce \u00e0 ses algorithmes de machine learning et de deep learning pour des services publics, les secteurs financiers, agroalimentaires, de la sant\u00e9 ou encore des t\u00e9l\u00e9communications. Nous avons \u00e0 c\u0153ur de r\u00e9v\u00e9ler de telles jeunes entreprises de la sous-r\u00e9gion.<\/p>\n\n\n\n<p>C\u2019est pourquoi, avec le WoeLab, nous souhaitons lancer en f\u00e9vrier un concours pour s\u00e9lectionner les start-ups sp\u00e9cialis\u00e9es dans l\u2019IA que nous incuberons. Nous avons d\u00e9j\u00e0 re\u00e7u une vingtaine de candidatures, dont la moiti\u00e9 vient de jeunes pousses togolaises et l\u2019autre de l\u2019Afrique de l\u2019Ouest. Il ne s\u2019agit donc pas de r\u00e9inventer la roue mais d\u2019accompagner ce qui existe d\u00e9j\u00e0 et de faire collaborer les divers hubs technologiques du continent&nbsp;(S\u00e9n\u00e9gal, C\u00f4te d\u2019Ivoire, B\u00e9nin) mais aussi, pourquoi pas, en France et au Qu\u00e9bec. Et m\u00eame avec le centre d\u2019IA de Google, au Ghana, pour qui l\u2019Afria ne sera pas un concurrent mais un partenaire.<\/p>\n\n\n\n<p><strong>L\u2019Afrique a-t-elle des atouts \u00e0 apporter dans le secteur de l\u2019IA aux puissances \u00e9conomiques&nbsp;comme les Etats-Unis, la Chine ou l\u2019Europe&nbsp;?<\/strong><\/p>\n\n\n\n<p>La mati\u00e8re premi\u00e8re de l\u2019IA, ce sont les donn\u00e9es. Or, avec la myriade de peuples diff\u00e9rents, l\u2019Afrique a les moyens de constituer des bases de donn\u00e9es tr\u00e8s riches. De plus, la jeunesse africaine est de plus en plus nombreuse et il faut en faire un atout. Enfin, nous devons cr\u00e9er des applications qui r\u00e9pondent aux probl\u00e8mes locaux. Comme, par exemple, avec le mobile money, o\u00f9 l\u2019Afrique a \u00e9t\u00e9 un exemple pour le monde entier. Nous devons reproduire ce mod\u00e8le pour l\u2019IA en proposant des applications num\u00e9riques pour aider \u00e0 r\u00e9soudre des probl\u00e8mes de cybers\u00e9curit\u00e9 ou de lutte contre le terrorisme, par exemple. Quand on voit les investissements \u00e9conomiques faramineux d\u00e9di\u00e9s \u00e0 l\u2019IA aux Etats-Unis et en Chine, nous ne pouvons tout simplement pas nous permettre de rater le coche.<\/p>\n\n\n\n<p>C\u2019est pourquoi nous devons aller vite aujourd\u2019hui. Le calendrier de l\u2019Afria pour les trois ans \u00e0 venir est fix\u00e9, nous le proposerons au conseil d\u2019administration \u00e0 la fin du mois de janvier puis nous pourrons le communiquer. Nous discutons aussi avec le centre Google AI pour organiser un atelier d\u00e9but 2020, soit \u00e0 Accra soit \u00e0 Lom\u00e9.<\/p>\n\n\n\n<hr class=\"wp-block-separator\"\/>\n\n\n\n<p><strong>Chronologie<\/strong><\/p>\n\n\n\n<p><strong>20-23 mai 2019 :<\/strong> atelier de sensibilisation sur les donn\u00e9es \u00e9mergentes au WoeLab Prime, \u00e0 Lom\u00e9.<br \/><strong>8 ao\u00fbt 2019 :<\/strong> r\u00e9union constitutive de l\u2019Agence francophone pour l\u2019intelligence artificielle (Afria)<br \/><strong>14 novembre 2019 : <\/strong>lancement officiel de l\u2019Afria au Centre des hautes \u00e9tudes du minist\u00e8re fran\u00e7ais de l\u2019Int\u00e9rieur (Chemi) \u00e0 Paris.<br \/><strong>16-17 d\u00e9cembre 2019 :<\/strong> dates initialement pr\u00e9vues pour le Symposium sur l\u2019intelligence artificielle \u00ab An\u00e9ho 2019 \u00bb, report\u00e9.<br \/><strong>F\u00e9vrier 2020 :<\/strong> lancement du concours d\u2019incubation de start-ups.<\/p>\n","protected":false},"excerpt":{"rendered":"<p>[Exclusif] Son inauguration, initialement pr\u00e9vue pour la mi-d\u00e9cembre 2019, a d\u00e9j\u00e0 pris du retard. Mais la future Agence francophone pour l\u2019intelligence artificielle (Afria) devrait bel et bien voir le jour en 2020, \u00e0 An\u00e9ho, au Togo. C\u2019est en tout cas ce qu\u2019affirme son pr\u00e9sident, le B\u00e9ninois Eric Adja, qui milite pour une IA aux couleurs [&hellip;]<\/p>\n","protected":false},"author":2,"featured_media":1246,"comment_status":"open","ping_status":"open","sticky":false,"template":"","format":"standard","meta":{"footnotes":""},"categories":[12],"tags":[],"_links":{"self":[{"href":"https:\/\/test.teknolojia-news.com\/index.php\/wp-json\/wp\/v2\/posts\/1242"}],"collection":[{"href":"https:\/\/test.teknolojia-news.com\/index.php\/wp-json\/wp\/v2\/posts"}],"about":[{"href":"https:\/\/test.teknolojia-news.com\/index.php\/wp-json\/wp\/v2\/types\/post"}],"author":[{"embeddable":true,"href":"https:\/\/test.teknolojia-news.com\/index.php\/wp-json\/wp\/v2\/users\/2"}],"replies":[{"embeddable":true,"href":"https:\/\/test.teknolojia-news.com\/index.php\/wp-json\/wp\/v2\/comments?post=1242"}],"version-history":[{"count":0,"href":"https:\/\/test.teknolojia-news.com\/index.php\/wp-json\/wp\/v2\/posts\/1242\/revisions"}],"wp:featuredmedia":[{"embeddable":true,"href":"https:\/\/test.teknolojia-news.com\/index.php\/wp-json\/"}],"wp:attachment":[{"href":"https:\/\/test.teknolojia-news.com\/index.php\/wp-json\/wp\/v2\/media?parent=1242"}],"wp:term":[{"taxonomy":"category","embeddable":true,"href":"https:\/\/test.teknolojia-news.com\/index.php\/wp-json\/wp\/v2\/categories?post=1242"},{"taxonomy":"post_tag","embeddable":true,"href":"https:\/\/test.teknolojia-news.com\/index.php\/wp-json\/wp\/v2\/tags?post=1242"}],"curies":[{"name":"wp","href":"https:\/\/api.w.org\/{rel}","templated":true}]}}