{"id":2007,"date":"2020-04-15T13:40:01","date_gmt":"2020-04-15T13:40:01","guid":{"rendered":"https:\/\/teknolojia-news.com\/?p=2007"},"modified":"2020-04-15T13:40:01","modified_gmt":"2020-04-15T13:40:01","slug":"covid-19-lafrique-du-sud-veut-tracker-sa-population","status":"publish","type":"post","link":"https:\/\/test.teknolojia-news.com\/index.php\/2020\/04\/15\/covid-19-lafrique-du-sud-veut-tracker-sa-population\/","title":{"rendered":"Covid-19 : l\u2019Afrique du Sud veut tracker sa population"},"content":{"rendered":"\n<p>Alors que l\u2019Afrique du Sud compte 2415 cas de Covid-19 au moment d\u2019\u00e9crire ces lignes, selon le site de <a rel=\"noreferrer noopener\" href=\"https:\/\/teknolojia-news.us19.list-manage.com\/track\/click?u=de05b9e086294c12b077dbdb1&amp;id=f79ec7ff50&amp;e=b1e9d437b6\" target=\"_blank\"><strong>Covid19-Africa<\/strong><\/a>, le pays est en premi\u00e8re ligne&nbsp;pour lutter contre la propagation du virus. Parfois jusqu\u2019\u00e0 inqui\u00e9ter sa propre population. Comme beaucoup d\u2019autres pays \u00e0 travers le monde, le gouvernement sud-africain va lancer un dispositif de contact tracking afin d\u2019identifier, une fois le d\u00e9confinement commenc\u00e9, les individus infect\u00e9s par le virus et de pr\u00e9venir les personnes avec qui elles ont \u00e9t\u00e9 en contact.<\/p>\n\n\n\n<p><strong>\u25ba Lire \u00e9galement : <\/strong><a rel=\"noreferrer noopener\" href=\"https:\/\/teknolojia-news.com\/2020\/04\/14\/covid-19-togo-combine-revenu-de-solidarite-mobile-money\/\" target=\"_blank\"><strong>Face au Covid-19, le Togo combine revenu de solidarit\u00e9 et mobile money<\/strong><\/a><br \/><br \/>Pour ce faire, Stella Ndabeni-Abrahams, ministre des Communications et des Technologies num\u00e9riques, a annonc\u00e9, dans<a rel=\"noreferrer noopener\" href=\"https:\/\/teknolojia-news.us19.list-manage.com\/track\/click?u=de05b9e086294c12b077dbdb1&amp;id=3917023f15&amp;e=b1e9d437b6\" target=\"_blank\"> <strong>un amendement du Disaster Management Act<\/strong><\/a> communiqu\u00e9 le 26 mars que les op\u00e9rateurs seront autoris\u00e9s \u00e0 g\u00e9olocaliser toute personne test\u00e9e \u2013 positive ou n\u00e9gative \u2013 au Covid-19 afin d\u2019entrer celles qui ont \u00e9t\u00e9 infect\u00e9es dans une base de donn\u00e9es. Une approche interm\u00e9diaire entre les pays qui laisseront \u00e0 leurs citoyens le choix de se signifier comme positifs au Covid-19 et ceux dans lesquels l\u2019Etat lui-m\u00eame impose et op\u00e8re ce tracking,<a rel=\"noreferrer noopener\" href=\"https:\/\/teknolojia-news.us19.list-manage.com\/track\/click?u=de05b9e086294c12b077dbdb1&amp;id=3d77438777&amp;e=b1e9d437b6\" target=\"_blank\"> <strong>selon Livia Dyer, du cabinet juridique Bowmans<\/strong><\/a>. Les donn\u00e9es seront anonymis\u00e9es et l\u2019outil ne sera &#8220;en rien un dispositif d\u2019espionnage&#8221;, assure la ministre. Pourtant le flou sur cette anonymisation ainsi que sur les personnes habilit\u00e9es \u00e0 g\u00e9rer cette base de donn\u00e9es<a rel=\"noreferrer noopener\" href=\"https:\/\/teknolojia-news.us19.list-manage.com\/track\/click?u=de05b9e086294c12b077dbdb1&amp;id=1533d9948a&amp;e=b1e9d437b6\" target=\"_blank\"> <strong>inqui\u00e8tent nombre de Sud-Africains<\/strong><\/a>. Et surtout, une question se pose, en Afrique du Sud comme partout ailleurs : le contact tracking sera-t-il au moins efficace ? Rien n\u2019est moins s\u00fbr.<\/p>\n\n\n\n<h2 class=\"wp-block-heading\"><strong>Des initiatives num\u00e9riques sud-africaines plus vertueuses (et plus efficaces)<\/strong><\/h2>\n\n\n\n<p>Dans le m\u00eame temps, l&#8217;universit\u00e9 du Cap travaille, elle sur un projet dont les objectifs sont assez proches mais les m\u00e9thodes se veulent bien plus respectueuses de la vie priv\u00e9e. Il s&#8217;agit de <a rel=\"noreferrer noopener\" href=\"https:\/\/coviid.me\/\" target=\"_blank\"><strong>Covi-ID<\/strong><\/a>, une application open source de contact tracing (suivi des appareils afin d&#8217;identifier les personnes infect\u00e9es et celles qu&#8217;elles auraient pu contaminer) et de g\u00e9olocalisation qui devrait \u00eatre officiellement lanc\u00e9e ce jeudi 16 avril.<\/p>\n\n\n\n<blockquote class=\"twitter-tweet\"><p dir=\"ltr\" lang=\"en\">The first phase of Covi-ID launches tomorrow! Join us as we discuss a privacy-preserving solution to the <a href=\"https:\/\/twitter.com\/hashtag\/Covid19?src=hash&amp;ref_src=twsrc%5Etfw\">#Covid19<\/a> pandemic. <br \/>Link in bio. <a href=\"https:\/\/twitter.com\/hashtag\/coviid?src=hash&amp;ref_src=twsrc%5Etfw\">#coviid<\/a> <a href=\"https:\/\/twitter.com\/hashtag\/coviidapp?src=hash&amp;ref_src=twsrc%5Etfw\">#coviidapp<\/a> <a href=\"https:\/\/twitter.com\/hashtag\/FightCovid19?src=hash&amp;ref_src=twsrc%5Etfw\">#FightCovid19<\/a> <a href=\"https:\/\/t.co\/E2ZnN6x1eI\">pic.twitter.com\/E2ZnN6x1eI<\/a><\/p>\u2014 Coviid (@Covi_ID) <a href=\"https:\/\/twitter.com\/Covi_ID\/status\/1250372598845800450?ref_src=twsrc%5Etfw\">April 15, 2020<\/a><\/blockquote> <script async=\"\" src=\"https:\/\/platform.twitter.com\/widgets.js\" charset=\"utf-8\"><\/script>\n\n\n\n<p>L&#8217;universit\u00e9 du Cap s&#8217;\u00e9tait d\u00e9j\u00e0 illustr\u00e9e dans la lutte contre le Covid-19 lorsqu&#8217;elle avait lanc\u00e9, il y a quelques jours, <a rel=\"noreferrer noopener\" href=\"https:\/\/www.coronapp.co.za\/\" target=\"_blank\"><strong>Coronapp<\/strong><\/a>, une application web qui r\u00e9pertorie et cartographie en temps r\u00e9el la propagation du virus dans le pays. <\/p>\n\n\n\n<p>D&#8217;autres initiatives sud-africaines sont \u00e0 encourager, comme <a rel=\"noreferrer noopener\" href=\"https:\/\/www.testforcovid.co.za\/\" target=\"_blank\"><strong>CoronaFighter<\/strong><\/a>, une application d&#8217;auto-diagnostic qui permet \u00e0 chaque individu de se tester en ligne afin de savoir s&#8217;il a des risques d&#8217;avoir \u00e9t\u00e9 infect\u00e9. (Photo : Gouvernement d&#8217;Afrique du Sud \/ Flickr)<\/p>\n","protected":false},"excerpt":{"rendered":"<p>Alors que l\u2019Afrique du Sud compte 2415 cas de Covid-19, le pays est en premi\u00e8re ligne pour lutter contre la propagation du virus. Parfois jusqu\u2019\u00e0 inqui\u00e9ter sa propre population.<\/p>\n","protected":false},"author":3,"featured_media":2014,"comment_status":"open","ping_status":"open","sticky":false,"template":"","format":"standard","meta":{"footnotes":""},"categories":[10],"tags":[],"_links":{"self":[{"href":"https:\/\/test.teknolojia-news.com\/index.php\/wp-json\/wp\/v2\/posts\/2007"}],"collection":[{"href":"https:\/\/test.teknolojia-news.com\/index.php\/wp-json\/wp\/v2\/posts"}],"about":[{"href":"https:\/\/test.teknolojia-news.com\/index.php\/wp-json\/wp\/v2\/types\/post"}],"author":[{"embeddable":true,"href":"https:\/\/test.teknolojia-news.com\/index.php\/wp-json\/wp\/v2\/users\/3"}],"replies":[{"embeddable":true,"href":"https:\/\/test.teknolojia-news.com\/index.php\/wp-json\/wp\/v2\/comments?post=2007"}],"version-history":[{"count":0,"href":"https:\/\/test.teknolojia-news.com\/index.php\/wp-json\/wp\/v2\/posts\/2007\/revisions"}],"wp:featuredmedia":[{"embeddable":true,"href":"https:\/\/test.teknolojia-news.com\/index.php\/wp-json\/"}],"wp:attachment":[{"href":"https:\/\/test.teknolojia-news.com\/index.php\/wp-json\/wp\/v2\/media?parent=2007"}],"wp:term":[{"taxonomy":"category","embeddable":true,"href":"https:\/\/test.teknolojia-news.com\/index.php\/wp-json\/wp\/v2\/categories?post=2007"},{"taxonomy":"post_tag","embeddable":true,"href":"https:\/\/test.teknolojia-news.com\/index.php\/wp-json\/wp\/v2\/tags?post=2007"}],"curies":[{"name":"wp","href":"https:\/\/api.w.org\/{rel}","templated":true}]}}