{"id":2481,"date":"2020-06-04T10:12:28","date_gmt":"2020-06-04T10:12:28","guid":{"rendered":"https:\/\/teknolojia-news.com\/?p=2481"},"modified":"2020-06-04T10:12:28","modified_gmt":"2020-06-04T10:12:28","slug":"niger-durcit-encore-controle-sur-communications-electroniques","status":"publish","type":"post","link":"https:\/\/test.teknolojia-news.com\/index.php\/2020\/06\/04\/niger-durcit-encore-controle-sur-communications-electroniques\/","title":{"rendered":"Le Niger durcit encore son contr\u00f4le sur les communications \u00e9lectroniques"},"content":{"rendered":"\n<p>\u00ab&nbsp;Vous craignez d\u2019\u00eatre \u00e9cout\u00e9s. Vous l\u2019\u00e9tiez depuis, et vous l\u2019\u00eates encore. C\u2019est maintenant que \u00e7a va \u00eatre organis\u00e9.&nbsp;\u00bb La petite phrase du ministre nig\u00e9rien de la Justice, Marou Amadou, devant l&#8221;Assembl\u00e9e nationale, vendredi 29 mai, n&#8217;est pas pass\u00e9e inaper\u00e7ue. Il r\u00e9pondait ainsi \u00e0 l&#8217;opposition, qui accusait le pouvoir de vouloir espionner les Nig\u00e9riens. En cause, une nouvelle loi sur les interceptions \u00e9lectroniques propos\u00e9e par l&#8217;ex\u00e9cutif et que les parlementaires, justement, \u00e9taient en train d&#8217;\u00e9tudier &#8211; avant <strong><a href=\"http:\/\/www.lesahel.org\/index.php\/2020\/06\/01\/adoption-de-la-loi-autorisant-linterception-de-certaines-communications-emises-par-voie-electronique-au-niger\/\">de la voter<\/a><\/strong>.<\/p>\n\n\n\n<p>Selon les propres mots du ministre, rapport\u00e9es par l&#8217;Agence nig\u00e9rienne de presse, le texte \u00ab ne vise qu\u2019\u00e0 traquer ceux des Nig\u00e9riens ou des \u00e9trangers qui s\u2019attaqueront \u00e0 la suret\u00e9 de l\u2019Etat et \u00e0 l\u2019unit\u00e9 nationale, \u00e0 la d\u00e9fense nationale et \u00e0 l\u2019int\u00e9grit\u00e9 territoriale, \u00e0 la pr\u00e9vention et la lutte contre le terrorisme et la criminalit\u00e9 transnationale organis\u00e9e \u00bb . Ce qui peut faire vite beaucoup de monde, selon la d\u00e9finition de la menace que l&#8217;on donne. Pour l&#8217;opposition, toute la population peut \u00eatre concern\u00e9e : la surveillance n&#8217;est plus l&#8217;exception, elle devient, pas son caract\u00e8re massif, la r\u00e8gle.<\/p>\n\n\n\n<div align=\"CENTER\"><blockquote class=\"twitter-tweet\"><p dir=\"ltr\" lang=\"fr\"><a href=\"https:\/\/twitter.com\/hashtag\/Niger?src=hash&amp;ref_src=twsrc%5Etfw\">#Niger<\/a> <br \/>Dans un communiqu\u00e9, les principaux fronts de l\u2019<a href=\"https:\/\/twitter.com\/hashtag\/opposition?src=hash&amp;ref_src=twsrc%5Etfw\">#opposition<\/a> politique nig\u00e9rienne se sont insurg\u00e9s contre le projet de \u00ab <a href=\"https:\/\/twitter.com\/hashtag\/Loi?src=hash&amp;ref_src=twsrc%5Etfw\">#Loi<\/a> sur l\u2019interception des <a href=\"https:\/\/twitter.com\/hashtag\/communications%C3%A9lectroniques?src=hash&amp;ref_src=twsrc%5Etfw\">#communications\u00e9lectroniques<\/a> au Niger \u00bb. Le texte sera soumis au vote de l\u2019Assembl\u00e9e nationale ce mardi 19 mai. <a href=\"https:\/\/t.co\/ykygHrQQm7\">pic.twitter.com\/ykygHrQQm7<\/a><\/p>\u2014 Aboubacar Y. Barma (@aboubacarybarma) <a href=\"https:\/\/twitter.com\/aboubacarybarma\/status\/1262446002474233859?ref_src=twsrc%5Etfw\">May 18, 2020<\/a><\/blockquote> <script async=\"\" src=\"https:\/\/platform.twitter.com\/widgets.js\" charset=\"utf-8\"><\/script><\/div>\n\n\n\n<div style=\"height:20px\" aria-hidden=\"true\" class=\"wp-block-spacer\"><\/div>\n\n\n\n<h2 class=\"wp-block-heading\"><strong>Qui d\u00e9cide ? Qui contr\u00f4le ?<\/strong><\/h2>\n\n\n\n<p>Le texte \u00e9voque des interceptions cibl\u00e9es. L&#8217;intitul\u00e9 de la loi parle de \u00ab certaines communications \u00bb, et celles-ci concerneraient \u00ab toute personne contre laquelle il existe des s\u00e9rieuses raisons \u00bb de penser qu&#8217;elle menace la s\u00e9curit\u00e9 nationale. Mais la loi reste \u00e9vasive sur les moyens d&#8217;interception.<\/p>\n\n\n\n<p><strong><a href=\"http:\/\/www.rfi.fr\/fr\/afrique\/20200529-niger-d%C3%A9put%C3%A9s-adoptent-loi-les-interceptions-t%C3%A9l%C3%A9phoniques-vote-boycott%C3%A9-l-o\">Interrog\u00e9 par RFI<\/a><\/strong>, le chercheur d&#8217;Amnesty international Ousmane Diallo \u00e9voque un autre probl\u00e8me : l&#8217;accord pour la surveillance d&#8217;une personne ne revient plus \u00e0 une autorit\u00e9 judiciaire. \u00ab Ce n&#8217;est pas un juge ind\u00e9pendant qui donne l&#8217;autorisation, la requ\u00eate viendra du pr\u00e9sident ou des autres membres du gouvernement \u00bb, explique l&#8217;expert. C&#8217;est en effet ce qu&#8217;\u00e9nonce l&#8217;article 2. <\/p>\n\n\n\n<p>Cette nouvelle loi pr\u00e9voit bien une sorte de garde-fou, une commission ad-hoc charg\u00e9e de veiller \u00e0 ce qu&#8217;il n&#8217;y ait pas d&#8217;abus de ces dispositifs. Celle-ci sera compos\u00e9e d\u2019un magistrat de la cour de cassation, de deux d\u00e9put\u00e9s (dont un de l\u2019opposition), d\u2019un officier sup\u00e9rieur de la Gendarmerie nationale, d\u2019un officier sup\u00e9rieur de la Police nationale, d\u2019un magistrat de la cour d\u2019appel et d\u2019un officier sup\u00e9rieur des Douanes. Or tous seront nomm\u00e9s par l&#8217;ex\u00e9cutif (hormis les d\u00e9putes, qui le seront par le pr\u00e9sident de l&#8217;Assembl\u00e9e nationale, appartenant au PNDS au pouvoir) pour une p\u00e9riode de trois ans. \u00ab Le fait que ce ne soit pas une autorit\u00e9 judiciaire ind\u00e9pendante [&#8230;] pose beaucoup de probl\u00e8mes quant au respect de la vie priv\u00e9e et \u00e0 la libert\u00e9 d&#8217;expression \u00bb, juge ainsi Ousmane Diallo sur RFI.<\/p>\n\n\n\n<p>Une composition et des nominations \u00e9galement d\u00e9nonc\u00e9es par <strong><a href=\"https:\/\/www.africtivistes.org\/!\/index.php\/fr\/nos-publications\/nos-communiques\/292-niger-loi-communications-electroniques-africtivistes-condamne-et-exige-une-seconde-deliberation\" data-type=\"https:\/\/www.africtivistes.org\/!\/index.php\/fr\/nos-publications\/nos-communiques\/292-niger-loi-communications-electroniques-africtivistes-condamne-et-exige-une-seconde-deliberation\">le collectif de cyber-militants Africtivistes<\/a><\/strong>, qui appelle le gouvernement \u00e0 revoir sa copie. <\/p>\n\n\n\n<div align=\"CENTER\"><blockquote class=\"twitter-tweet\"><p dir=\"ltr\" lang=\"fr\">Communiqu\u00e9 <a href=\"https:\/\/twitter.com\/AFRICTIVISTES?ref_src=twsrc%5Etfw\">@AFRICTIVISTES<\/a><br \/>sur la loi portant interception des communications \u00e9mises par voie \u00e9lectronique au <a href=\"https:\/\/twitter.com\/hashtag\/Niger?src=hash&amp;ref_src=twsrc%5Etfw\">#Niger<\/a>.<br \/><br \/>Le collectif note que la loi viole l&#8217;article 29 de la Constitution, relatif au secret de la correspondance.<br \/> <a href=\"https:\/\/t.co\/sMAGsvFRIV\">https:\/\/t.co\/sMAGsvFRIV<\/a> <a href=\"https:\/\/t.co\/7oOokiPAIQ\">pic.twitter.com\/7oOokiPAIQ<\/a><\/p>\u2014 Tamimoudari Noma (@t0429n) <a href=\"https:\/\/twitter.com\/t0429n\/status\/1268280030297305088?ref_src=twsrc%5Etfw\">June 3, 2020<\/a><\/blockquote> <script async=\"\" src=\"https:\/\/platform.twitter.com\/widgets.js\" charset=\"utf-8\"><\/script><\/div>\n\n\n\n<div style=\"height:34px\" aria-hidden=\"true\" class=\"wp-block-spacer\"><\/div>\n\n\n\n<h2 class=\"wp-block-heading\"><strong>Lourd passif<\/strong><\/h2>\n\n\n\n<p>Ces inqui\u00e9tudes ne seraient pas aussi exacerb\u00e9es si le pays n&#8217;avait pas pass\u00e9 une ann\u00e9e \u00e0 exp\u00e9rimenter la pr\u00e9c\u00e9dente loi d\u00e9cri\u00e9e sur le num\u00e9rique nig\u00e9rien, vot\u00e9e \u00e0 l&#8217;\u00e9t\u00e9 2019 (l&#8217;int\u00e9gralit\u00e9 est <strong><a href=\"https:\/\/www.actuniger.com\/politique\/15250-loi-contre-la-cybercriminalite-ce-que-dit-le-texte-integralite-du-texte-adopte-par-l-assemblee-nationale.html\" data-type=\"https:\/\/www.actuniger.com\/politique\/15250-loi-contre-la-cybercriminalite-ce-que-dit-le-texte-integralite-du-texte-adopte-par-l-assemblee-nationale.html\">ici<\/a><\/strong>). <\/p>\n\n\n\n<p>Cette loi, portant sur la cybercriminalit\u00e9, a notamment \u00e9t\u00e9 employ\u00e9e, ces derni\u00e8res semaines, pour <strong><a href=\"https:\/\/us19.campaign-archive.com\/?e=&amp;u=de05b9e086294c12b077dbdb1&amp;id=ddc015a309\" data-type=\"https:\/\/us19.campaign-archive.com\/?e=&amp;u=de05b9e086294c12b077dbdb1&amp;id=ddc015a309\">mettre au pas quelques voix dissonantes<\/a><\/strong> qui remettaient en cause, sur Facebook ou WhatsApp, la politique officielle de lutte contre le nouveau coronavirus. Son article 31 sanctionne lourdement la diffusion de \u00ab donn\u00e9es de nature \u00e0 troubler l&#8217;ordre public \u00bb.<\/p>\n\n\n\n<p>Avec la nouvelle loi sur l&#8217;interception des communications \u00e9lectroniques, le pouvoir renforce son contr\u00f4le sur la toile nig\u00e9rienne, alors qu&#8217;approchent des \u00e9ch\u00e9ances \u00e9lectorales cruciales pour l&#8217;avenir du pays : une pr\u00e9sidentielle et des l\u00e9gislatives en toute fin d&#8217;ann\u00e9e. (Photo : NigerTZai \/ CC)<\/p>\n","protected":false},"excerpt":{"rendered":"<p>\u00ab&nbsp;Vous craignez d\u2019\u00eatre \u00e9cout\u00e9s. Vous l\u2019\u00e9tiez depuis, et vous l\u2019\u00eates encore. C\u2019est maintenant que \u00e7a va \u00eatre organis\u00e9.&nbsp;\u00bb La petite phrase du ministre nig\u00e9rien de la Justice, Marou Amadou, devant l&#8221;Assembl\u00e9e nationale, vendredi 29 mai, n&#8217;est pas pass\u00e9e inaper\u00e7ue. Il r\u00e9pondait ainsi \u00e0 l&#8217;opposition, qui accusait le pouvoir de vouloir espionner les Nig\u00e9riens. En cause, [&hellip;]<\/p>\n","protected":false},"author":2,"featured_media":2534,"comment_status":"open","ping_status":"open","sticky":false,"template":"","format":"standard","meta":{"footnotes":""},"categories":[10],"tags":[271],"_links":{"self":[{"href":"https:\/\/test.teknolojia-news.com\/index.php\/wp-json\/wp\/v2\/posts\/2481"}],"collection":[{"href":"https:\/\/test.teknolojia-news.com\/index.php\/wp-json\/wp\/v2\/posts"}],"about":[{"href":"https:\/\/test.teknolojia-news.com\/index.php\/wp-json\/wp\/v2\/types\/post"}],"author":[{"embeddable":true,"href":"https:\/\/test.teknolojia-news.com\/index.php\/wp-json\/wp\/v2\/users\/2"}],"replies":[{"embeddable":true,"href":"https:\/\/test.teknolojia-news.com\/index.php\/wp-json\/wp\/v2\/comments?post=2481"}],"version-history":[{"count":0,"href":"https:\/\/test.teknolojia-news.com\/index.php\/wp-json\/wp\/v2\/posts\/2481\/revisions"}],"wp:featuredmedia":[{"embeddable":true,"href":"https:\/\/test.teknolojia-news.com\/index.php\/wp-json\/"}],"wp:attachment":[{"href":"https:\/\/test.teknolojia-news.com\/index.php\/wp-json\/wp\/v2\/media?parent=2481"}],"wp:term":[{"taxonomy":"category","embeddable":true,"href":"https:\/\/test.teknolojia-news.com\/index.php\/wp-json\/wp\/v2\/categories?post=2481"},{"taxonomy":"post_tag","embeddable":true,"href":"https:\/\/test.teknolojia-news.com\/index.php\/wp-json\/wp\/v2\/tags?post=2481"}],"curies":[{"name":"wp","href":"https:\/\/api.w.org\/{rel}","templated":true}]}}