{"id":6608,"date":"2021-11-25T18:36:53","date_gmt":"2021-11-25T18:36:53","guid":{"rendered":"https:\/\/teknolojia-news.com\/?p=6608"},"modified":"2021-11-25T18:36:53","modified_gmt":"2021-11-25T18:36:53","slug":"couvre-feu-numerique-au-burkina-securite-publique-invoquee","status":"publish","type":"post","link":"https:\/\/test.teknolojia-news.com\/index.php\/2021\/11\/25\/couvre-feu-numerique-au-burkina-securite-publique-invoquee\/","title":{"rendered":"Couvre-feu num\u00e9rique au Burkina, la \u00ab s\u00e9curit\u00e9 publique \u00bb invoqu\u00e9e"},"content":{"rendered":"\n<p>\u00ab Sur r\u00e9quisition, le gouvernement a proc\u00e9d\u00e9 \u00e0 une suspension de l\u2019internet mobile pour une dur\u00e9e de 96 heures \u00e0 compter du samedi 20 novembre sur toute l\u2019\u00e9tendue du territoire national. \u00bb Voici ce qu&#8217;on peut lire dans le communiqu\u00e9, rendu public le mardi 23 novembre, par le ministre de la Communication et porte-parole du gouvernement burkinab\u00e8 Ouss\u00e9ni Tamboura. Un privation renouvel\u00e9e le lendemain, et pour 96 heures suppl\u00e9mentaires. Ainsi, au bas mot, le Burkina est parti pour une semaine compl\u00e8te de <strong><a href=\"https:\/\/teknolojia-news.com\/category\/libertes-numeriques-afrique\/\" target=\"_blank\" rel=\"noreferrer noopener\">censure num\u00e9rique<\/a><\/strong>.<\/p>\n\n\n\n<div align=\"CENTER\"><blockquote class=\"twitter-tweet\"><p lang=\"fr\" dir=\"ltr\">Dans ce communiqu\u00e9 sign\u00e9 du Ministre de la Communication et des Relations avec le Parlement <a href=\"https:\/\/twitter.com\/Ousseni_T?ref_src=twsrc%5Etfw\">@Ousseni_T<\/a> , le Gouvernement du <a href=\"https:\/\/twitter.com\/hashtag\/Burkina?src=hash&amp;ref_src=twsrc%5Etfw\">#Burkina<\/a> explique les raisons de la suspension de l\u2019Internet mobile &#x1f4f2; pour 96 heures \u00e0 compter du 20 novembre <a href=\"https:\/\/twitter.com\/hashtag\/internet?src=hash&amp;ref_src=twsrc%5Etfw\">#internet<\/a> <a href=\"https:\/\/twitter.com\/ocomar?ref_src=twsrc%5Etfw\">@ocomar<\/a> <a href=\"https:\/\/twitter.com\/y_jus?ref_src=twsrc%5Etfw\">@y_jus<\/a> <a href=\"https:\/\/twitter.com\/SE_LGD?ref_src=twsrc%5Etfw\">@SE_LGD<\/a> <a href=\"https:\/\/twitter.com\/yabsi1er?ref_src=twsrc%5Etfw\">@yabsi1er<\/a> <a href=\"https:\/\/t.co\/6ptuiL3lcw\">pic.twitter.com\/6ptuiL3lcw<\/a><\/p>\u2014 Dieudonn\u00e9 LANKOANDE (@Dieuson1) <a href=\"https:\/\/twitter.com\/Dieuson1\/status\/1463072907794567179?ref_src=twsrc%5Etfw\">November 23, 2021<\/a><\/blockquote> <script async=\"\" src=\"https:\/\/platform.twitter.com\/widgets.js\" charset=\"utf-8\"><\/script><\/div>\n\n\n\n<div style=\"height:38px\" aria-hidden=\"true\" class=\"wp-block-spacer\"><\/div>\n\n\n\n<p>Le motif, comme souvent dans pareil cas &#8211; nous l&#8217;avons vu par exemple <strong><a href=\"https:\/\/teknolojia-news.com\/2019\/07\/22\/la-connexion-revient-au-tchad-et-la-confiance\/\" target=\"_blank\" rel=\"noreferrer noopener\">au Tchad<\/a><\/strong> -, est absolument flou. Dans les deux documents, le minist\u00e8re de la Communication s&#8217;appuie sur les dispositions des articles 44 \u00e0 46 de la <strong><a href=\"http:\/\/www.arcep.bf\/download\/lois\/loi_no_061-2008-AN_du_27-11-2008-2.pdf\" target=\"_blank\" rel=\"noreferrer noopener\">loi N\u00b0061-2008AN du 28 novembre 2008<\/a><\/strong> &#8211; qui d\u00e9finissent notamment le lien de subordination entre les fournisseurs d&#8217;acc\u00e8s et les autorit\u00e9s, et les obligations des premiers &#8211; pour couper la connexion, invoquant \u00ab le respect des obligations de d\u00e9fense nationale et de s\u00e9curit\u00e9 publique \u00bb. <\/p>\n\n\n\n<p>Le pays a de nouveau \u00e9t\u00e9 l&#8217;objet d&#8217;attaques terroristes ces derni\u00e8res semaines. Le 14 novembre,\u00a0\u00e0 Inata dans la province du Soum, les jihadistes ont tu\u00e9 53 personnes, dont 36 militaires. En fin de semaine derni\u00e8re, neuf gendarmes et une\u00a0\u00ab dizaine de civils \u00bb\u00a0ont \u00e9galement <strong><a href=\"https:\/\/www.lefigaro.fr\/flash-actu\/burkina-une-vingtaine-de-morts-dont-9-gendarmes-lors-d-une-attaque-dans-le-nord-20211122\" target=\"_blank\" rel=\"noreferrer noopener\">perdu la vie \u00e0 Foub\u00e9<\/a><\/strong>, dans le nord du Burkina, dans des conditions similaires.<\/p>\n\n\n\n<p>Surtout, une partie du pays est en proie \u00e0 l&#8217;agitation sociale, que cristallise un convoi militaire fran\u00e7ais, toujours bloqu\u00e9 par des manifestants. Ces derniers accusent la France de faire le jeu des terroristes, et pour l&#8217;heure, la colonne de blind\u00e9s est toujours emp\u00each\u00e9e de rejoindre le Niger et reste immobilis\u00e9e sur la route entre Kaya et Ouagadougou. Plusieurs m\u00e9dias locaux ont directement li\u00e9 la coupure d&#8217;internet \u00e0 cette agitation.<\/p>\n\n\n\n<p>Toujours est-il que la rupture d&#8217;acc\u00e8s \u00e0 la toile courrouce opposition comme soci\u00e9t\u00e9 civile. &#8220;L\u2019histoire retiendra que le pr\u00e9sident du Faso Roch Marc Christian Kabor\u00e9, r\u00e9pondant \u00e0 la sollicitation de la France, a d\u00e9cid\u00e9 de priver ses concitoyens de la libert\u00e9 d\u2019expression par la restriction de l\u2019acc\u00e8s \u00e0 internet pendant quatre jours. Cette grave d\u00e9cision a \u00e9t\u00e9 prise afin de s\u00e9curiser les int\u00e9r\u00eats d\u2019un pays \u00e9tranger&#8221;, avance ainsi <strong><a href=\"https:\/\/www.facebook.com\/CitoyenBalayeur\" target=\"_blank\" rel=\"noreferrer noopener\">Le Balai citoyen<\/a><\/strong>. <\/p>\n\n\n\n<p>Au-del\u00e0 des motifs, la censure impos\u00e9e par le pouvoir est condamn\u00e9e par de nombreuses ONG, dont celles appartenant \u00e0 la coalition #KeepItOn. \u00ab Les autorit\u00e9s ont pris une mauvaise d\u00e9cision en d\u00e9connectant des millions de personnes, mais la prolongation de 96 heures refl\u00e8te vraiment leur m\u00e9pris flagrant pour les droits humains, peut-on lire <strong><a href=\"https:\/\/www.accessnow.org\/burkina-faso-internet-shutdown\/\" target=\"_blank\" rel=\"noreferrer noopener\">dans un communiqu\u00e9<\/a><\/strong>. [&#8230;] Il semble que ce soit la premi\u00e8re fois que les autorit\u00e9s du Burkina Faso bloquent l&#8217;acc\u00e8s \u00e0 Internet, mais on observe une tendance mondiale \u00e0 l&#8217;ing\u00e9rence des gouvernements dans la connectivit\u00e9 pendant les manifestations et les troubles civils. \u00bb (Photo : <a href=\"https:\/\/commons.wikimedia.org\/wiki\/User:Sputniktilt\">Sputniktilt<\/a> \/ CC)<\/p>\n","protected":false},"excerpt":{"rendered":"<p>\u00ab Sur r\u00e9quisition, le gouvernement a proc\u00e9d\u00e9 \u00e0 une suspension de l\u2019internet mobile pour une dur\u00e9e de 96 heures \u00e0 compter du samedi 20 novembre sur toute l\u2019\u00e9tendue du territoire national. \u00bb Voici ce qu&#8217;on peut lire dans le communiqu\u00e9, rendu public le mardi 23 novembre, par le ministre de la Communication et porte-parole du [&hellip;]<\/p>\n","protected":false},"author":2,"featured_media":6625,"comment_status":"open","ping_status":"closed","sticky":false,"template":"","format":"standard","meta":{"footnotes":""},"categories":[10],"tags":[71,83],"_links":{"self":[{"href":"https:\/\/test.teknolojia-news.com\/index.php\/wp-json\/wp\/v2\/posts\/6608"}],"collection":[{"href":"https:\/\/test.teknolojia-news.com\/index.php\/wp-json\/wp\/v2\/posts"}],"about":[{"href":"https:\/\/test.teknolojia-news.com\/index.php\/wp-json\/wp\/v2\/types\/post"}],"author":[{"embeddable":true,"href":"https:\/\/test.teknolojia-news.com\/index.php\/wp-json\/wp\/v2\/users\/2"}],"replies":[{"embeddable":true,"href":"https:\/\/test.teknolojia-news.com\/index.php\/wp-json\/wp\/v2\/comments?post=6608"}],"version-history":[{"count":0,"href":"https:\/\/test.teknolojia-news.com\/index.php\/wp-json\/wp\/v2\/posts\/6608\/revisions"}],"wp:featuredmedia":[{"embeddable":true,"href":"https:\/\/test.teknolojia-news.com\/index.php\/wp-json\/"}],"wp:attachment":[{"href":"https:\/\/test.teknolojia-news.com\/index.php\/wp-json\/wp\/v2\/media?parent=6608"}],"wp:term":[{"taxonomy":"category","embeddable":true,"href":"https:\/\/test.teknolojia-news.com\/index.php\/wp-json\/wp\/v2\/categories?post=6608"},{"taxonomy":"post_tag","embeddable":true,"href":"https:\/\/test.teknolojia-news.com\/index.php\/wp-json\/wp\/v2\/tags?post=6608"}],"curies":[{"name":"wp","href":"https:\/\/api.w.org\/{rel}","templated":true}]}}